{"id":217,"date":"2023-04-04T20:45:25","date_gmt":"2023-04-04T20:45:25","guid":{"rendered":"https:\/\/syncrofilmfest.com\/lab\/?p=217"},"modified":"2023-05-22T09:28:42","modified_gmt":"2023-05-22T12:28:42","slug":"talleres","status":"publish","type":"post","link":"https:\/\/syncrofilmfest.com\/lab\/talleres\/","title":{"rendered":"Talleres"},"content":{"rendered":"\t\t<div data-elementor-type=\"wp-post\" data-elementor-id=\"217\" class=\"elementor elementor-217\" data-elementor-post-type=\"post\">\n\t\t\t\t\t\t<section class=\"elementor-section elementor-top-section elementor-element elementor-element-ad54bde elementor-section-boxed elementor-section-height-default elementor-section-height-default\" data-id=\"ad54bde\" data-element_type=\"section\">\n\t\t\t\t\t\t<div class=\"elementor-container elementor-column-gap-default\">\n\t\t\t\t\t<div class=\"elementor-column elementor-col-100 elementor-top-column elementor-element elementor-element-a6beea8\" data-id=\"a6beea8\" data-element_type=\"column\">\n\t\t\t<div class=\"elementor-widget-wrap elementor-element-populated\">\n\t\t\t\t\t\t<div class=\"elementor-element elementor-element-709366f elementor-widget elementor-widget-spacer\" data-id=\"709366f\" data-element_type=\"widget\" data-widget_type=\"spacer.default\">\n\t\t\t\t<div class=\"elementor-widget-container\">\n\t\t\t\t\t\t\t<div class=\"elementor-spacer\">\n\t\t\t<div class=\"elementor-spacer-inner\"><\/div>\n\t\t<\/div>\n\t\t\t\t\t\t<\/div>\n\t\t\t\t<\/div>\n\t\t\t\t<div class=\"elementor-element elementor-element-cca57c3 elementor-widget elementor-widget-heading\" data-id=\"cca57c3\" data-element_type=\"widget\" data-widget_type=\"heading.default\">\n\t\t\t\t<div class=\"elementor-widget-container\">\n\t\t\t\t\t<h2 class=\"elementor-heading-title elementor-size-default\">TALLERES<\/h2>\t\t\t\t<\/div>\n\t\t\t\t<\/div>\n\t\t\t\t\t<\/div>\n\t\t<\/div>\n\t\t\t\t\t<\/div>\n\t\t<\/section>\n\t\t\t\t<section class=\"elementor-section elementor-top-section elementor-element elementor-element-4d0b9ac elementor-section-boxed elementor-section-height-default elementor-section-height-default\" data-id=\"4d0b9ac\" data-element_type=\"section\">\n\t\t\t\t\t\t<div class=\"elementor-container elementor-column-gap-default\">\n\t\t\t\t\t<div class=\"elementor-column elementor-col-100 elementor-top-column elementor-element elementor-element-a8d428b\" data-id=\"a8d428b\" data-element_type=\"column\">\n\t\t\t<div class=\"elementor-widget-wrap elementor-element-populated\">\n\t\t\t\t\t\t<div class=\"elementor-element elementor-element-77c49a6 elementor-widget elementor-widget-spacer\" data-id=\"77c49a6\" data-element_type=\"widget\" data-widget_type=\"spacer.default\">\n\t\t\t\t<div class=\"elementor-widget-container\">\n\t\t\t\t\t\t\t<div class=\"elementor-spacer\">\n\t\t\t<div class=\"elementor-spacer-inner\"><\/div>\n\t\t<\/div>\n\t\t\t\t\t\t<\/div>\n\t\t\t\t<\/div>\n\t\t\t\t\t<\/div>\n\t\t<\/div>\n\t\t\t\t\t<\/div>\n\t\t<\/section>\n\t\t\t\t<section class=\"elementor-section elementor-top-section elementor-element elementor-element-c007a3b elementor-section-full_width elementor-section-height-default elementor-section-height-default\" data-id=\"c007a3b\" data-element_type=\"section\">\n\t\t\t\t\t\t<div class=\"elementor-container elementor-column-gap-custom\">\n\t\t\t\t\t<div class=\"elementor-column elementor-col-50 elementor-top-column elementor-element elementor-element-dfce7a7\" data-id=\"dfce7a7\" data-element_type=\"column\">\n\t\t\t<div class=\"elementor-widget-wrap elementor-element-populated\">\n\t\t\t\t\t\t<section class=\"elementor-section elementor-inner-section elementor-element elementor-element-07a6068 elementor-section-boxed elementor-section-height-default elementor-section-height-default\" data-id=\"07a6068\" data-element_type=\"section\">\n\t\t\t\t\t\t<div class=\"elementor-container elementor-column-gap-default\">\n\t\t\t\t\t<div class=\"elementor-column elementor-col-33 elementor-inner-column elementor-element elementor-element-1cc1cf1\" data-id=\"1cc1cf1\" data-element_type=\"column\">\n\t\t\t<div class=\"elementor-widget-wrap elementor-element-populated\">\n\t\t\t\t\t\t<div class=\"elementor-element elementor-element-95192f5 elementor-widget elementor-widget-heading\" data-id=\"95192f5\" data-element_type=\"widget\" data-widget_type=\"heading.default\">\n\t\t\t\t<div class=\"elementor-widget-container\">\n\t\t\t\t\t<h3 class=\"elementor-heading-title elementor-size-default\">Idea, guion y creaci\u00f3n en El ser magn\u00e9tico<\/h3>\t\t\t\t<\/div>\n\t\t\t\t<\/div>\n\t\t\t\t<div class=\"elementor-element elementor-element-8da51df elementor-widget elementor-widget-heading\" data-id=\"8da51df\" data-element_type=\"widget\" data-widget_type=\"heading.default\">\n\t\t\t\t<div class=\"elementor-widget-container\">\n\t\t\t\t\t<h2 class=\"elementor-heading-title elementor-size-default\">Lunes 19\/06. 10hs<\/h2>\t\t\t\t<\/div>\n\t\t\t\t<\/div>\n\t\t\t\t<div class=\"elementor-element elementor-element-86b3962 elementor-widget-divider--view-line elementor-widget elementor-widget-divider\" data-id=\"86b3962\" data-element_type=\"widget\" data-widget_type=\"divider.default\">\n\t\t\t\t<div class=\"elementor-widget-container\">\n\t\t\t\t\t\t\t<div class=\"elementor-divider\">\n\t\t\t<span class=\"elementor-divider-separator\">\n\t\t\t\t\t\t<\/span>\n\t\t<\/div>\n\t\t\t\t\t\t<\/div>\n\t\t\t\t<\/div>\n\t\t\t\t<div class=\"elementor-element elementor-element-bc6c0ae elementor-widget elementor-widget-heading\" data-id=\"bc6c0ae\" data-element_type=\"widget\" data-widget_type=\"heading.default\">\n\t\t\t\t<div class=\"elementor-widget-container\">\n\t\t\t\t\t<h3 class=\"elementor-heading-title elementor-size-default\">MATEO BENDESKY <\/h3>\t\t\t\t<\/div>\n\t\t\t\t<\/div>\n\t\t\t\t<div class=\"elementor-element elementor-element-bf0d528 elementor-widget elementor-widget-image\" data-id=\"bf0d528\" data-element_type=\"widget\" data-widget_type=\"image.default\">\n\t\t\t\t<div class=\"elementor-widget-container\">\n\t\t\t\t\t\t\t\t\t\t\t\t\t\t\t<img fetchpriority=\"high\" decoding=\"async\" width=\"600\" height=\"700\" src=\"https:\/\/syncrofilmfest.com\/lab\/wp-content\/uploads\/2023\/04\/Mateo1.jpg\" class=\"elementor-animation-grow attachment-full size-full wp-image-317\" alt=\"\" srcset=\"https:\/\/syncrofilmfest.com\/lab\/wp-content\/uploads\/2023\/04\/Mateo1.jpg 600w, https:\/\/syncrofilmfest.com\/lab\/wp-content\/uploads\/2023\/04\/Mateo1-257x300.jpg 257w\" sizes=\"(max-width: 600px) 100vw, 600px\" \/>\t\t\t\t\t\t\t\t\t\t\t\t\t\t\t<\/div>\n\t\t\t\t<\/div>\n\t\t\t\t<div class=\"elementor-element elementor-element-46e05a3 elementor-widget-divider--view-line elementor-widget elementor-widget-divider\" data-id=\"46e05a3\" data-element_type=\"widget\" data-widget_type=\"divider.default\">\n\t\t\t\t<div class=\"elementor-widget-container\">\n\t\t\t\t\t\t\t<div class=\"elementor-divider\">\n\t\t\t<span class=\"elementor-divider-separator\">\n\t\t\t\t\t\t<\/span>\n\t\t<\/div>\n\t\t\t\t\t\t<\/div>\n\t\t\t\t<\/div>\n\t\t\t\t<div class=\"elementor-element elementor-element-bc2c835 elementor-widget elementor-widget-text-editor\" data-id=\"bc2c835\" data-element_type=\"widget\" data-widget_type=\"text-editor.default\">\n\t\t\t\t<div class=\"elementor-widget-container\">\n\t\t\t\t\t\t\t\t\t<p><strong>Mateo Bendesky compartir\u00e1 su experiencia en el proceso de creaci\u00f3n, desde la idea original al gui\u00f3n, abordando las instancias de investigaci\u00f3n; construcci\u00f3n de personajes y veros\u00edmil, escritura del gui\u00f3n, ensayos y reescrituras, en el cortometraje \u00abEl ser magn\u00e9tico\u201d.<\/strong><\/p>\t\t\t\t\t\t\t\t<\/div>\n\t\t\t\t<\/div>\n\t\t\t\t\t<\/div>\n\t\t<\/div>\n\t\t\t\t<div class=\"elementor-column elementor-col-33 elementor-inner-column elementor-element elementor-element-74e56f1\" data-id=\"74e56f1\" data-element_type=\"column\">\n\t\t\t<div class=\"elementor-widget-wrap elementor-element-populated\">\n\t\t\t\t\t\t<div class=\"elementor-element elementor-element-c561ade elementor-widget elementor-widget-image\" data-id=\"c561ade\" data-element_type=\"widget\" data-widget_type=\"image.default\">\n\t\t\t\t<div class=\"elementor-widget-container\">\n\t\t\t\t\t\t\t\t\t\t\t\t\t\t\t<img decoding=\"async\" width=\"600\" height=\"700\" src=\"https:\/\/syncrofilmfest.com\/lab\/wp-content\/uploads\/2023\/04\/MateoBendesky2.jpg\" class=\"elementor-animation-grow attachment-full size-full wp-image-221\" alt=\"\" srcset=\"https:\/\/syncrofilmfest.com\/lab\/wp-content\/uploads\/2023\/04\/MateoBendesky2.jpg 600w, https:\/\/syncrofilmfest.com\/lab\/wp-content\/uploads\/2023\/04\/MateoBendesky2-257x300.jpg 257w\" sizes=\"(max-width: 600px) 100vw, 600px\" \/>\t\t\t\t\t\t\t\t\t\t\t\t\t\t\t<\/div>\n\t\t\t\t<\/div>\n\t\t\t\t<div class=\"elementor-element elementor-element-4820939 elementor-widget elementor-widget-text-editor\" data-id=\"4820939\" data-element_type=\"widget\" data-widget_type=\"text-editor.default\">\n\t\t\t\t<div class=\"elementor-widget-container\">\n\t\t\t\t\t\t\t\t\t<p><span style=\"font-weight: 400;\">EL SER MAGN\u00c9TICO:<\/span><span style=\"font-weight: 400;\"> Aldo tiene 55 a\u00f1os y vive con Pablo, su hermano mayor. Desde su casa, dirigen juntos una disciplina religiosa que invent\u00f3 su padre y cuya pr\u00e9dica se desarrolla por internet. Aldo est\u00e1 cansado de ser pastor, pero no sabe c\u00f3mo decirlo.<\/span><\/p>\t\t\t\t\t\t\t\t<\/div>\n\t\t\t\t<\/div>\n\t\t\t\t\t<\/div>\n\t\t<\/div>\n\t\t\t\t<div class=\"elementor-column elementor-col-33 elementor-inner-column elementor-element elementor-element-5ccb568\" data-id=\"5ccb568\" data-element_type=\"column\">\n\t\t\t<div class=\"elementor-widget-wrap elementor-element-populated\">\n\t\t\t\t\t\t<div class=\"elementor-element elementor-element-ddf1f4d elementor-widget elementor-widget-text-editor\" data-id=\"ddf1f4d\" data-element_type=\"widget\" data-widget_type=\"text-editor.default\">\n\t\t\t\t<div class=\"elementor-widget-container\">\n\t\t\t\t\t\t\t\t\t<p><span style=\"font-weight: 400;\">Dirigi\u00f3 los largometrajes \u00abEl m\u00e9todo Tangalanga\u00bb (2023), \u201cLos miembros de la familia\u201d (2019) y \u201cAca\u0301 adentro\u201d (2013), y los cortometrajes \u201cNosotros solos\u201d (2017) y \u201cEl ser magne\u0301tico\u201d (2015). Sus films fueron programados en numerosos festivales internacionales de cine, entre los que se destacan Cannes, Berl\u00edn, Rotterdam y Toronto.<\/span><\/p>\t\t\t\t\t\t\t\t<\/div>\n\t\t\t\t<\/div>\n\t\t\t\t<div class=\"elementor-element elementor-element-7a25b0d elementor-widget elementor-widget-image\" data-id=\"7a25b0d\" data-element_type=\"widget\" data-widget_type=\"image.default\">\n\t\t\t\t<div class=\"elementor-widget-container\">\n\t\t\t\t\t\t\t\t\t\t\t\t\t\t\t<img decoding=\"async\" width=\"600\" height=\"700\" src=\"https:\/\/syncrofilmfest.com\/lab\/wp-content\/uploads\/2023\/04\/MateoBendesky3.jpg\" class=\"elementor-animation-grow attachment-full size-full wp-image-222\" alt=\"\" srcset=\"https:\/\/syncrofilmfest.com\/lab\/wp-content\/uploads\/2023\/04\/MateoBendesky3.jpg 600w, https:\/\/syncrofilmfest.com\/lab\/wp-content\/uploads\/2023\/04\/MateoBendesky3-257x300.jpg 257w\" sizes=\"(max-width: 600px) 100vw, 600px\" \/>\t\t\t\t\t\t\t\t\t\t\t\t\t\t\t<\/div>\n\t\t\t\t<\/div>\n\t\t\t\t<div class=\"elementor-element elementor-element-15e4d64 elementor-widget-divider--view-line elementor-widget elementor-widget-divider\" data-id=\"15e4d64\" data-element_type=\"widget\" data-widget_type=\"divider.default\">\n\t\t\t\t<div class=\"elementor-widget-container\">\n\t\t\t\t\t\t\t<div class=\"elementor-divider\">\n\t\t\t<span class=\"elementor-divider-separator\">\n\t\t\t\t\t\t<\/span>\n\t\t<\/div>\n\t\t\t\t\t\t<\/div>\n\t\t\t\t<\/div>\n\t\t\t\t\t<\/div>\n\t\t<\/div>\n\t\t\t\t\t<\/div>\n\t\t<\/section>\n\t\t\t\t\t<\/div>\n\t\t<\/div>\n\t\t\t\t<div class=\"elementor-column elementor-col-50 elementor-top-column elementor-element elementor-element-473b6f6\" data-id=\"473b6f6\" data-element_type=\"column\">\n\t\t\t<div class=\"elementor-widget-wrap elementor-element-populated\">\n\t\t\t\t\t\t<section class=\"elementor-section elementor-inner-section elementor-element elementor-element-594c413 elementor-section-boxed elementor-section-height-default elementor-section-height-default\" data-id=\"594c413\" data-element_type=\"section\">\n\t\t\t\t\t\t<div class=\"elementor-container elementor-column-gap-default\">\n\t\t\t\t\t<div class=\"elementor-column elementor-col-33 elementor-inner-column elementor-element elementor-element-d0d976e\" data-id=\"d0d976e\" data-element_type=\"column\">\n\t\t\t<div class=\"elementor-widget-wrap elementor-element-populated\">\n\t\t\t\t\t\t<div class=\"elementor-element elementor-element-53add15 elementor-widget elementor-widget-heading\" data-id=\"53add15\" data-element_type=\"widget\" data-widget_type=\"heading.default\">\n\t\t\t\t<div class=\"elementor-widget-container\">\n\t\t\t\t\t<h3 class=\"elementor-heading-title elementor-size-default\">El montaje en El brazo de Whatsapp<\/h3>\t\t\t\t<\/div>\n\t\t\t\t<\/div>\n\t\t\t\t<div class=\"elementor-element elementor-element-6802446 elementor-widget elementor-widget-heading\" data-id=\"6802446\" data-element_type=\"widget\" data-widget_type=\"heading.default\">\n\t\t\t\t<div class=\"elementor-widget-container\">\n\t\t\t\t\t<h2 class=\"elementor-heading-title elementor-size-default\">Viernes 23\/06. 10hs<\/h2>\t\t\t\t<\/div>\n\t\t\t\t<\/div>\n\t\t\t\t<div class=\"elementor-element elementor-element-00e9d2a elementor-widget-divider--view-line elementor-widget elementor-widget-divider\" data-id=\"00e9d2a\" data-element_type=\"widget\" data-widget_type=\"divider.default\">\n\t\t\t\t<div class=\"elementor-widget-container\">\n\t\t\t\t\t\t\t<div class=\"elementor-divider\">\n\t\t\t<span class=\"elementor-divider-separator\">\n\t\t\t\t\t\t<\/span>\n\t\t<\/div>\n\t\t\t\t\t\t<\/div>\n\t\t\t\t<\/div>\n\t\t\t\t<div class=\"elementor-element elementor-element-64511180 elementor-widget elementor-widget-heading\" data-id=\"64511180\" data-element_type=\"widget\" data-widget_type=\"heading.default\">\n\t\t\t\t<div class=\"elementor-widget-container\">\n\t\t\t\t\t<h3 class=\"elementor-heading-title elementor-size-default\">MARTIN FARINA<\/h3>\t\t\t\t<\/div>\n\t\t\t\t<\/div>\n\t\t\t\t<div class=\"elementor-element elementor-element-22f4388d elementor-widget elementor-widget-image\" data-id=\"22f4388d\" data-element_type=\"widget\" data-widget_type=\"image.default\">\n\t\t\t\t<div class=\"elementor-widget-container\">\n\t\t\t\t\t\t\t\t\t\t\t\t\t\t\t<img loading=\"lazy\" decoding=\"async\" width=\"600\" height=\"700\" src=\"https:\/\/syncrofilmfest.com\/lab\/wp-content\/uploads\/2023\/04\/Martin1.jpg\" class=\"elementor-animation-grow attachment-full size-full wp-image-319\" alt=\"\" srcset=\"https:\/\/syncrofilmfest.com\/lab\/wp-content\/uploads\/2023\/04\/Martin1.jpg 600w, https:\/\/syncrofilmfest.com\/lab\/wp-content\/uploads\/2023\/04\/Martin1-257x300.jpg 257w\" sizes=\"(max-width: 600px) 100vw, 600px\" \/>\t\t\t\t\t\t\t\t\t\t\t\t\t\t\t<\/div>\n\t\t\t\t<\/div>\n\t\t\t\t<div class=\"elementor-element elementor-element-084d3b3 elementor-widget-divider--view-line elementor-widget elementor-widget-divider\" data-id=\"084d3b3\" data-element_type=\"widget\" data-widget_type=\"divider.default\">\n\t\t\t\t<div class=\"elementor-widget-container\">\n\t\t\t\t\t\t\t<div class=\"elementor-divider\">\n\t\t\t<span class=\"elementor-divider-separator\">\n\t\t\t\t\t\t<\/span>\n\t\t<\/div>\n\t\t\t\t\t\t<\/div>\n\t\t\t\t<\/div>\n\t\t\t\t<div class=\"elementor-element elementor-element-1252da01 elementor-widget elementor-widget-text-editor\" data-id=\"1252da01\" data-element_type=\"widget\" data-widget_type=\"text-editor.default\">\n\t\t\t\t<div class=\"elementor-widget-container\">\n\t\t\t\t\t\t\t\t\t<p><strong>Mart\u00edn Farina compartir\u00e1 su m\u00e9todo de trabajo haciendo foco en el proceso de montaje; la construcci\u00f3n del ritmo; la puesta en escena y la intimidad en el documental, en \u201cEl brazo de whatsapp\u201d.<\/strong><\/p>\t\t\t\t\t\t\t\t<\/div>\n\t\t\t\t<\/div>\n\t\t\t\t\t<\/div>\n\t\t<\/div>\n\t\t\t\t<div class=\"elementor-column elementor-col-33 elementor-inner-column elementor-element elementor-element-234f998\" data-id=\"234f998\" data-element_type=\"column\">\n\t\t\t<div class=\"elementor-widget-wrap elementor-element-populated\">\n\t\t\t\t\t\t<div class=\"elementor-element elementor-element-6b78001 elementor-widget elementor-widget-image\" data-id=\"6b78001\" data-element_type=\"widget\" data-widget_type=\"image.default\">\n\t\t\t\t<div class=\"elementor-widget-container\">\n\t\t\t\t\t\t\t\t\t\t\t\t\t\t\t<img loading=\"lazy\" decoding=\"async\" width=\"600\" height=\"700\" src=\"https:\/\/syncrofilmfest.com\/lab\/wp-content\/uploads\/2023\/04\/MartinFarina2.jpg\" class=\"elementor-animation-grow attachment-full size-full wp-image-244\" alt=\"\" srcset=\"https:\/\/syncrofilmfest.com\/lab\/wp-content\/uploads\/2023\/04\/MartinFarina2.jpg 600w, https:\/\/syncrofilmfest.com\/lab\/wp-content\/uploads\/2023\/04\/MartinFarina2-257x300.jpg 257w\" sizes=\"(max-width: 600px) 100vw, 600px\" \/>\t\t\t\t\t\t\t\t\t\t\t\t\t\t\t<\/div>\n\t\t\t\t<\/div>\n\t\t\t\t<div class=\"elementor-element elementor-element-7c0ee480 elementor-widget elementor-widget-text-editor\" data-id=\"7c0ee480\" data-element_type=\"widget\" data-widget_type=\"text-editor.default\">\n\t\t\t\t<div class=\"elementor-widget-container\">\n\t\t\t\t\t\t\t\t\t<p><span style=\"font-weight: 400;\">EL BRAZO DEL WHATSAPP: <\/span><span style=\"font-weight: 400;\">Un grupo de amigos de la primaria se junta todos los meses desde hace 43 a\u00f1os. La conversaci\u00f3n fluye hasta que de pronto adquiere un tono agresivo cuando discuten la continuidad de algunos miembros del grupo de Whatsapp que ya no participan.<\/span><\/p>\t\t\t\t\t\t\t\t<\/div>\n\t\t\t\t<\/div>\n\t\t\t\t\t<\/div>\n\t\t<\/div>\n\t\t\t\t<div class=\"elementor-column elementor-col-33 elementor-inner-column elementor-element elementor-element-f2a4fc5\" data-id=\"f2a4fc5\" data-element_type=\"column\">\n\t\t\t<div class=\"elementor-widget-wrap elementor-element-populated\">\n\t\t\t\t\t\t<div class=\"elementor-element elementor-element-c17d40d elementor-widget elementor-widget-text-editor\" data-id=\"c17d40d\" data-element_type=\"widget\" data-widget_type=\"text-editor.default\">\n\t\t\t\t<div class=\"elementor-widget-container\">\n\t\t\t\t\t\t\t\t\t<p><span style=\"font-weight: 400;\">Director de cine, licenciado en comunicaci\u00f3n y m\u00fasico. En 2010 fund\u00f3 la productora Cinemilagroso con la cu\u00e1l dirigi\u00f3 y produjo doce largometrajes y dos cortos. Sus pel\u00edculas participaron en diversos festivales tales como BFI London, La Habana, Moscow IFF, Mannheim IFF, Roma IFF, BAFICI y Mar del Plata IFF, entre otros, y fueron nominadas en varias ocasiones a los Premios C\u00f3ndor de Plata.<\/span><\/p>\t\t\t\t\t\t\t\t<\/div>\n\t\t\t\t<\/div>\n\t\t\t\t<div class=\"elementor-element elementor-element-2aa5496a elementor-widget elementor-widget-image\" data-id=\"2aa5496a\" data-element_type=\"widget\" data-widget_type=\"image.default\">\n\t\t\t\t<div class=\"elementor-widget-container\">\n\t\t\t\t\t\t\t\t\t\t\t\t\t\t\t<img loading=\"lazy\" decoding=\"async\" width=\"600\" height=\"700\" src=\"https:\/\/syncrofilmfest.com\/lab\/wp-content\/uploads\/2023\/04\/Martin2.jpg\" class=\"elementor-animation-grow attachment-full size-full wp-image-320\" alt=\"\" srcset=\"https:\/\/syncrofilmfest.com\/lab\/wp-content\/uploads\/2023\/04\/Martin2.jpg 600w, https:\/\/syncrofilmfest.com\/lab\/wp-content\/uploads\/2023\/04\/Martin2-257x300.jpg 257w\" sizes=\"(max-width: 600px) 100vw, 600px\" \/>\t\t\t\t\t\t\t\t\t\t\t\t\t\t\t<\/div>\n\t\t\t\t<\/div>\n\t\t\t\t<div class=\"elementor-element elementor-element-75eb5d8d elementor-widget-divider--view-line elementor-widget elementor-widget-divider\" data-id=\"75eb5d8d\" data-element_type=\"widget\" data-widget_type=\"divider.default\">\n\t\t\t\t<div class=\"elementor-widget-container\">\n\t\t\t\t\t\t\t<div class=\"elementor-divider\">\n\t\t\t<span class=\"elementor-divider-separator\">\n\t\t\t\t\t\t<\/span>\n\t\t<\/div>\n\t\t\t\t\t\t<\/div>\n\t\t\t\t<\/div>\n\t\t\t\t\t<\/div>\n\t\t<\/div>\n\t\t\t\t\t<\/div>\n\t\t<\/section>\n\t\t\t\t\t<\/div>\n\t\t<\/div>\n\t\t\t\t\t<\/div>\n\t\t<\/section>\n\t\t\t\t<section class=\"elementor-section elementor-top-section elementor-element elementor-element-dc46934 elementor-section-full_width elementor-section-height-default elementor-section-height-default\" data-id=\"dc46934\" data-element_type=\"section\">\n\t\t\t\t\t\t<div class=\"elementor-container elementor-column-gap-custom\">\n\t\t\t\t\t<div class=\"elementor-column elementor-col-50 elementor-top-column elementor-element elementor-element-c72d42c\" data-id=\"c72d42c\" data-element_type=\"column\">\n\t\t\t<div class=\"elementor-widget-wrap elementor-element-populated\">\n\t\t\t\t\t\t<section class=\"elementor-section elementor-inner-section elementor-element elementor-element-0bf25c2 elementor-section-boxed elementor-section-height-default elementor-section-height-default\" data-id=\"0bf25c2\" data-element_type=\"section\">\n\t\t\t\t\t\t<div class=\"elementor-container elementor-column-gap-default\">\n\t\t\t\t\t<div class=\"elementor-column elementor-col-33 elementor-inner-column elementor-element elementor-element-29bee1c\" data-id=\"29bee1c\" data-element_type=\"column\">\n\t\t\t<div class=\"elementor-widget-wrap elementor-element-populated\">\n\t\t\t\t\t\t<div class=\"elementor-element elementor-element-e00a9df elementor-widget elementor-widget-heading\" data-id=\"e00a9df\" data-element_type=\"widget\" data-widget_type=\"heading.default\">\n\t\t\t\t<div class=\"elementor-widget-container\">\n\t\t\t\t\t<h3 class=\"elementor-heading-title elementor-size-default\">El di\u00e1logo entre el dise\u00f1o sonoro y el encuadre en Monstruo Dios.<\/h3>\t\t\t\t<\/div>\n\t\t\t\t<\/div>\n\t\t\t\t<div class=\"elementor-element elementor-element-9fb48de elementor-widget elementor-widget-heading\" data-id=\"9fb48de\" data-element_type=\"widget\" data-widget_type=\"heading.default\">\n\t\t\t\t<div class=\"elementor-widget-container\">\n\t\t\t\t\t<h2 class=\"elementor-heading-title elementor-size-default\">Jueves 22\/06. 10hs<\/h2>\t\t\t\t<\/div>\n\t\t\t\t<\/div>\n\t\t\t\t<div class=\"elementor-element elementor-element-4bbd85e elementor-widget-divider--view-line elementor-widget elementor-widget-divider\" data-id=\"4bbd85e\" data-element_type=\"widget\" data-widget_type=\"divider.default\">\n\t\t\t\t<div class=\"elementor-widget-container\">\n\t\t\t\t\t\t\t<div class=\"elementor-divider\">\n\t\t\t<span class=\"elementor-divider-separator\">\n\t\t\t\t\t\t<\/span>\n\t\t<\/div>\n\t\t\t\t\t\t<\/div>\n\t\t\t\t<\/div>\n\t\t\t\t<div class=\"elementor-element elementor-element-2d60270 elementor-widget elementor-widget-image\" data-id=\"2d60270\" data-element_type=\"widget\" data-widget_type=\"image.default\">\n\t\t\t\t<div class=\"elementor-widget-container\">\n\t\t\t\t\t\t\t\t\t\t\t\t\t\t\t<img loading=\"lazy\" decoding=\"async\" width=\"600\" height=\"700\" src=\"https:\/\/syncrofilmfest.com\/lab\/wp-content\/uploads\/2023\/04\/MonstruoDios1.jpg\" class=\"elementor-animation-grow attachment-full size-full wp-image-330\" alt=\"\" srcset=\"https:\/\/syncrofilmfest.com\/lab\/wp-content\/uploads\/2023\/04\/MonstruoDios1.jpg 600w, https:\/\/syncrofilmfest.com\/lab\/wp-content\/uploads\/2023\/04\/MonstruoDios1-257x300.jpg 257w\" sizes=\"(max-width: 600px) 100vw, 600px\" \/>\t\t\t\t\t\t\t\t\t\t\t\t\t\t\t<\/div>\n\t\t\t\t<\/div>\n\t\t\t\t<div class=\"elementor-element elementor-element-19aabf7 elementor-widget elementor-widget-text-editor\" data-id=\"19aabf7\" data-element_type=\"widget\" data-widget_type=\"text-editor.default\">\n\t\t\t\t<div class=\"elementor-widget-container\">\n\t\t\t\t\t\t\t\t\t<p><strong>Agustina San Mart\u00edn y Mercedes Gavir\u00eda dialogar\u00e1n sobre el dise\u00f1o sonoro en relaci\u00f3n a la puesta en escena; encuadre y fuera de campo; tratamiento de di\u00e1logos; post producci\u00f3n y mezcla en \u201cMonstruo Dios\u201d. <\/strong><\/p>\t\t\t\t\t\t\t\t<\/div>\n\t\t\t\t<\/div>\n\t\t\t\t<div class=\"elementor-element elementor-element-88a2fdb elementor-widget elementor-widget-image\" data-id=\"88a2fdb\" data-element_type=\"widget\" data-widget_type=\"image.default\">\n\t\t\t\t<div class=\"elementor-widget-container\">\n\t\t\t\t\t\t\t\t\t\t\t\t\t\t\t<img loading=\"lazy\" decoding=\"async\" width=\"600\" height=\"700\" src=\"https:\/\/syncrofilmfest.com\/lab\/wp-content\/uploads\/2023\/04\/MonstruoDios2.jpg\" class=\"elementor-animation-grow attachment-full size-full wp-image-365\" alt=\"\" srcset=\"https:\/\/syncrofilmfest.com\/lab\/wp-content\/uploads\/2023\/04\/MonstruoDios2.jpg 600w, https:\/\/syncrofilmfest.com\/lab\/wp-content\/uploads\/2023\/04\/MonstruoDios2-257x300.jpg 257w\" sizes=\"(max-width: 600px) 100vw, 600px\" \/>\t\t\t\t\t\t\t\t\t\t\t\t\t\t\t<\/div>\n\t\t\t\t<\/div>\n\t\t\t\t\t<\/div>\n\t\t<\/div>\n\t\t\t\t<div class=\"elementor-column elementor-col-33 elementor-inner-column elementor-element elementor-element-e6b2a80\" data-id=\"e6b2a80\" data-element_type=\"column\">\n\t\t\t<div class=\"elementor-widget-wrap elementor-element-populated\">\n\t\t\t\t\t\t<div class=\"elementor-element elementor-element-a10f4fb elementor-widget-divider--view-line elementor-widget elementor-widget-divider\" data-id=\"a10f4fb\" data-element_type=\"widget\" data-widget_type=\"divider.default\">\n\t\t\t\t<div class=\"elementor-widget-container\">\n\t\t\t\t\t\t\t<div class=\"elementor-divider\">\n\t\t\t<span class=\"elementor-divider-separator\">\n\t\t\t\t\t\t<\/span>\n\t\t<\/div>\n\t\t\t\t\t\t<\/div>\n\t\t\t\t<\/div>\n\t\t\t\t<div class=\"elementor-element elementor-element-ddf4426 elementor-widget elementor-widget-heading\" data-id=\"ddf4426\" data-element_type=\"widget\" data-widget_type=\"heading.default\">\n\t\t\t\t<div class=\"elementor-widget-container\">\n\t\t\t\t\t<h3 class=\"elementor-heading-title elementor-size-default\">AGUSTINA SAN MART\u00cdN<\/h3>\t\t\t\t<\/div>\n\t\t\t\t<\/div>\n\t\t\t\t<div class=\"elementor-element elementor-element-abab7f2 elementor-widget elementor-widget-image\" data-id=\"abab7f2\" data-element_type=\"widget\" data-widget_type=\"image.default\">\n\t\t\t\t<div class=\"elementor-widget-container\">\n\t\t\t\t\t\t\t\t\t\t\t\t\t\t\t<img loading=\"lazy\" decoding=\"async\" width=\"600\" height=\"700\" src=\"https:\/\/syncrofilmfest.com\/lab\/wp-content\/uploads\/2023\/04\/Agus1.jpg\" class=\"elementor-animation-grow attachment-full size-full wp-image-322\" alt=\"\" srcset=\"https:\/\/syncrofilmfest.com\/lab\/wp-content\/uploads\/2023\/04\/Agus1.jpg 600w, https:\/\/syncrofilmfest.com\/lab\/wp-content\/uploads\/2023\/04\/Agus1-257x300.jpg 257w\" sizes=\"(max-width: 600px) 100vw, 600px\" \/>\t\t\t\t\t\t\t\t\t\t\t\t\t\t\t<\/div>\n\t\t\t\t<\/div>\n\t\t\t\t<div class=\"elementor-element elementor-element-c16d1c3 elementor-widget elementor-widget-text-editor\" data-id=\"c16d1c3\" data-element_type=\"widget\" data-widget_type=\"text-editor.default\">\n\t\t\t\t<div class=\"elementor-widget-container\">\n\t\t\t\t\t\t\t\t\t<p>Es directora y guionista. Escribi\u00f3 y dirigi\u00f3 los cortometrajes No hay bestias, FICCI, La prima sueca, Berlinale y Monstruo Dios, Menci\u00f3n Especial del Jurado en el Festival de Cannes. Matar a la bestia, su \u00f3pera prima tuvo su estreno mundial en el Festival Internacional de cine de Toronto. Fue la protegida del compositor, actor y letrista de Broadway Lin-Manuel Miranda, de 2020 a 2022 bajo la iniciativa Rolex Mentor and Prot\u00e9g\u00e9 Arts Initiative en NYC. Actualmente trabaja de guionista para plataformas como Amazon y la BBC.<\/p>\t\t\t\t\t\t\t\t<\/div>\n\t\t\t\t<\/div>\n\t\t\t\t<div class=\"elementor-element elementor-element-bfcf56d elementor-widget-divider--view-line elementor-widget elementor-widget-divider\" data-id=\"bfcf56d\" data-element_type=\"widget\" data-widget_type=\"divider.default\">\n\t\t\t\t<div class=\"elementor-widget-container\">\n\t\t\t\t\t\t\t<div class=\"elementor-divider\">\n\t\t\t<span class=\"elementor-divider-separator\">\n\t\t\t\t\t\t<\/span>\n\t\t<\/div>\n\t\t\t\t\t\t<\/div>\n\t\t\t\t<\/div>\n\t\t\t\t<div class=\"elementor-element elementor-element-f138549 elementor-widget elementor-widget-text-editor\" data-id=\"f138549\" data-element_type=\"widget\" data-widget_type=\"text-editor.default\">\n\t\t\t\t<div class=\"elementor-widget-container\">\n\t\t\t\t\t\t\t\t\t<p><span style=\"font-weight: 400;\">MONSTRUO DIOS: <\/span><span style=\"font-weight: 400;\">Dios es una planta el\u00e9ctrica. <\/span><span style=\"font-weight: 400;\">En una noche de niebla las vacas escapan, una ni\u00f1a es elegida y una adolescente procura alejarse de todo.<\/span><\/p>\t\t\t\t\t\t\t\t<\/div>\n\t\t\t\t<\/div>\n\t\t\t\t\t<\/div>\n\t\t<\/div>\n\t\t\t\t<div class=\"elementor-column elementor-col-33 elementor-inner-column elementor-element elementor-element-a5cce04\" data-id=\"a5cce04\" data-element_type=\"column\">\n\t\t\t<div class=\"elementor-widget-wrap elementor-element-populated\">\n\t\t\t\t\t\t<div class=\"elementor-element elementor-element-caccab9 elementor-widget elementor-widget-heading\" data-id=\"caccab9\" data-element_type=\"widget\" data-widget_type=\"heading.default\">\n\t\t\t\t<div class=\"elementor-widget-container\">\n\t\t\t\t\t<h3 class=\"elementor-heading-title elementor-size-default\">MERCEDES GAVIRIA<\/h3>\t\t\t\t<\/div>\n\t\t\t\t<\/div>\n\t\t\t\t<div class=\"elementor-element elementor-element-af67d57 elementor-widget elementor-widget-image\" data-id=\"af67d57\" data-element_type=\"widget\" data-widget_type=\"image.default\">\n\t\t\t\t<div class=\"elementor-widget-container\">\n\t\t\t\t\t\t\t\t\t\t\t\t\t\t\t<img loading=\"lazy\" decoding=\"async\" width=\"600\" height=\"700\" src=\"https:\/\/syncrofilmfest.com\/lab\/wp-content\/uploads\/2023\/04\/Mechi1.jpg\" class=\"elementor-animation-grow attachment-full size-full wp-image-321\" alt=\"\" srcset=\"https:\/\/syncrofilmfest.com\/lab\/wp-content\/uploads\/2023\/04\/Mechi1.jpg 600w, https:\/\/syncrofilmfest.com\/lab\/wp-content\/uploads\/2023\/04\/Mechi1-257x300.jpg 257w\" sizes=\"(max-width: 600px) 100vw, 600px\" \/>\t\t\t\t\t\t\t\t\t\t\t\t\t\t\t<\/div>\n\t\t\t\t<\/div>\n\t\t\t\t<div class=\"elementor-element elementor-element-e671943 elementor-widget elementor-widget-text-editor\" data-id=\"e671943\" data-element_type=\"widget\" data-widget_type=\"text-editor.default\">\n\t\t\t\t<div class=\"elementor-widget-container\">\n\t\t\t\t\t\t\t\t\t<p><span style=\"font-weight: 400;\">Es sonidista y directora, egresada de la FUC. En el BAFICI 2018 obtuvo el premio al Mejor Sonido con Las hijas del fuego de Albertina Carri y en el 2021 con Canal 54 de Lucas Larriera. Como el cielo despu\u00e9s de llover, su primer largometraje se estren\u00f3 en Visions du R\u00e9el y sigui\u00f3 su recorrido por prestigiosos festivales del mundo. Actualmente cursa la maestr\u00eda de arte sonoro en la UNTREF y trabaja como directora de sonido en Argentina.<\/span><\/p>\t\t\t\t\t\t\t\t<\/div>\n\t\t\t\t<\/div>\n\t\t\t\t<div class=\"elementor-element elementor-element-5f866b4 elementor-widget-divider--view-line elementor-widget elementor-widget-divider\" data-id=\"5f866b4\" data-element_type=\"widget\" data-widget_type=\"divider.default\">\n\t\t\t\t<div class=\"elementor-widget-container\">\n\t\t\t\t\t\t\t<div class=\"elementor-divider\">\n\t\t\t<span class=\"elementor-divider-separator\">\n\t\t\t\t\t\t<\/span>\n\t\t<\/div>\n\t\t\t\t\t\t<\/div>\n\t\t\t\t<\/div>\n\t\t\t\t\t<\/div>\n\t\t<\/div>\n\t\t\t\t\t<\/div>\n\t\t<\/section>\n\t\t\t\t\t<\/div>\n\t\t<\/div>\n\t\t\t\t<div class=\"elementor-column elementor-col-50 elementor-top-column elementor-element elementor-element-4fbc0e8\" data-id=\"4fbc0e8\" data-element_type=\"column\">\n\t\t\t<div class=\"elementor-widget-wrap elementor-element-populated\">\n\t\t\t\t\t\t<section class=\"elementor-section elementor-inner-section elementor-element elementor-element-1f3bc99 elementor-section-boxed elementor-section-height-default elementor-section-height-default\" data-id=\"1f3bc99\" data-element_type=\"section\">\n\t\t\t\t\t\t<div class=\"elementor-container elementor-column-gap-default\">\n\t\t\t\t\t<div class=\"elementor-column elementor-col-33 elementor-inner-column elementor-element elementor-element-e5a2fb6\" data-id=\"e5a2fb6\" data-element_type=\"column\">\n\t\t\t<div class=\"elementor-widget-wrap elementor-element-populated\">\n\t\t\t\t\t\t<div class=\"elementor-element elementor-element-30e4d39 elementor-widget elementor-widget-heading\" data-id=\"30e4d39\" data-element_type=\"widget\" data-widget_type=\"heading.default\">\n\t\t\t\t<div class=\"elementor-widget-container\">\n\t\t\t\t\t<h3 class=\"elementor-heading-title elementor-size-default\">La puesta en escena y el rodaje en Dear Renzo y La novia de Frankenstein.<\/h3>\t\t\t\t<\/div>\n\t\t\t\t<\/div>\n\t\t\t\t<div class=\"elementor-element elementor-element-9c4abbf elementor-widget elementor-widget-heading\" data-id=\"9c4abbf\" data-element_type=\"widget\" data-widget_type=\"heading.default\">\n\t\t\t\t<div class=\"elementor-widget-container\">\n\t\t\t\t\t<h2 class=\"elementor-heading-title elementor-size-default\">Mi\u00e9rcoles 21\/06. 10hs<\/h2>\t\t\t\t<\/div>\n\t\t\t\t<\/div>\n\t\t\t\t<div class=\"elementor-element elementor-element-e319446 elementor-widget-divider--view-line elementor-widget elementor-widget-divider\" data-id=\"e319446\" data-element_type=\"widget\" data-widget_type=\"divider.default\">\n\t\t\t\t<div class=\"elementor-widget-container\">\n\t\t\t\t\t\t\t<div class=\"elementor-divider\">\n\t\t\t<span class=\"elementor-divider-separator\">\n\t\t\t\t\t\t<\/span>\n\t\t<\/div>\n\t\t\t\t\t\t<\/div>\n\t\t\t\t<\/div>\n\t\t\t\t<div class=\"elementor-element elementor-element-6a814dd elementor-widget elementor-widget-image\" data-id=\"6a814dd\" data-element_type=\"widget\" data-widget_type=\"image.default\">\n\t\t\t\t<div class=\"elementor-widget-container\">\n\t\t\t\t\t\t\t\t\t\t\t\t\t\t\t<img loading=\"lazy\" decoding=\"async\" width=\"600\" height=\"700\" src=\"https:\/\/syncrofilmfest.com\/lab\/wp-content\/uploads\/2023\/04\/Dear1.jpg\" class=\"elementor-animation-grow attachment-full size-full wp-image-324\" alt=\"\" srcset=\"https:\/\/syncrofilmfest.com\/lab\/wp-content\/uploads\/2023\/04\/Dear1.jpg 600w, https:\/\/syncrofilmfest.com\/lab\/wp-content\/uploads\/2023\/04\/Dear1-257x300.jpg 257w\" sizes=\"(max-width: 600px) 100vw, 600px\" \/>\t\t\t\t\t\t\t\t\t\t\t\t\t\t\t<\/div>\n\t\t\t\t<\/div>\n\t\t\t\t<div class=\"elementor-element elementor-element-4bf0487 elementor-widget elementor-widget-text-editor\" data-id=\"4bf0487\" data-element_type=\"widget\" data-widget_type=\"text-editor.default\">\n\t\t\t\t<div class=\"elementor-widget-container\">\n\t\t\t\t\t\t\t\t\t<p><strong>Agostina G\u00e1lvez y Francisco Lezama dialogar\u00e1n sobre las instancias de puesta en escena; rodaje; direcci\u00f3n de actores; escenas descartadas; y estructura en \u201cDear Renzo\u201d y \u201cLa novia de Frankenstein\u201d.<\/strong><\/p>\t\t\t\t\t\t\t\t<\/div>\n\t\t\t\t<\/div>\n\t\t\t\t<div class=\"elementor-element elementor-element-7479a07 elementor-widget-divider--view-line elementor-widget elementor-widget-divider\" data-id=\"7479a07\" data-element_type=\"widget\" data-widget_type=\"divider.default\">\n\t\t\t\t<div class=\"elementor-widget-container\">\n\t\t\t\t\t\t\t<div class=\"elementor-divider\">\n\t\t\t<span class=\"elementor-divider-separator\">\n\t\t\t\t\t\t<\/span>\n\t\t<\/div>\n\t\t\t\t\t\t<\/div>\n\t\t\t\t<\/div>\n\t\t\t\t<div class=\"elementor-element elementor-element-03c7e9f elementor-widget elementor-widget-image\" data-id=\"03c7e9f\" data-element_type=\"widget\" data-widget_type=\"image.default\">\n\t\t\t\t<div class=\"elementor-widget-container\">\n\t\t\t\t\t\t\t\t\t\t\t\t\t\t\t<img loading=\"lazy\" decoding=\"async\" width=\"600\" height=\"700\" src=\"https:\/\/syncrofilmfest.com\/lab\/wp-content\/uploads\/2023\/04\/LaNovia1.jpg\" class=\"elementor-animation-grow attachment-full size-full wp-image-325\" alt=\"\" srcset=\"https:\/\/syncrofilmfest.com\/lab\/wp-content\/uploads\/2023\/04\/LaNovia1.jpg 600w, https:\/\/syncrofilmfest.com\/lab\/wp-content\/uploads\/2023\/04\/LaNovia1-257x300.jpg 257w\" sizes=\"(max-width: 600px) 100vw, 600px\" \/>\t\t\t\t\t\t\t\t\t\t\t\t\t\t\t<\/div>\n\t\t\t\t<\/div>\n\t\t\t\t\t<\/div>\n\t\t<\/div>\n\t\t\t\t<div class=\"elementor-column elementor-col-33 elementor-inner-column elementor-element elementor-element-ef7eff8\" data-id=\"ef7eff8\" data-element_type=\"column\">\n\t\t\t<div class=\"elementor-widget-wrap elementor-element-populated\">\n\t\t\t\t\t\t<div class=\"elementor-element elementor-element-68b3019 elementor-widget-divider--view-line elementor-widget elementor-widget-divider\" data-id=\"68b3019\" data-element_type=\"widget\" data-widget_type=\"divider.default\">\n\t\t\t\t<div class=\"elementor-widget-container\">\n\t\t\t\t\t\t\t<div class=\"elementor-divider\">\n\t\t\t<span class=\"elementor-divider-separator\">\n\t\t\t\t\t\t<\/span>\n\t\t<\/div>\n\t\t\t\t\t\t<\/div>\n\t\t\t\t<\/div>\n\t\t\t\t<div class=\"elementor-element elementor-element-54b8c30 elementor-widget elementor-widget-heading\" data-id=\"54b8c30\" data-element_type=\"widget\" data-widget_type=\"heading.default\">\n\t\t\t\t<div class=\"elementor-widget-container\">\n\t\t\t\t\t<h3 class=\"elementor-heading-title elementor-size-default\">FRANCISCO LEZAMA<\/h3>\t\t\t\t<\/div>\n\t\t\t\t<\/div>\n\t\t\t\t<div class=\"elementor-element elementor-element-92e4121 elementor-widget elementor-widget-image\" data-id=\"92e4121\" data-element_type=\"widget\" data-widget_type=\"image.default\">\n\t\t\t\t<div class=\"elementor-widget-container\">\n\t\t\t\t\t\t\t\t\t\t\t\t\t\t\t<img loading=\"lazy\" decoding=\"async\" width=\"600\" height=\"700\" src=\"https:\/\/syncrofilmfest.com\/lab\/wp-content\/uploads\/2023\/04\/FranLezama1.jpg\" class=\"elementor-animation-grow attachment-full size-full wp-image-282\" alt=\"\" srcset=\"https:\/\/syncrofilmfest.com\/lab\/wp-content\/uploads\/2023\/04\/FranLezama1.jpg 600w, https:\/\/syncrofilmfest.com\/lab\/wp-content\/uploads\/2023\/04\/FranLezama1-257x300.jpg 257w\" sizes=\"(max-width: 600px) 100vw, 600px\" \/>\t\t\t\t\t\t\t\t\t\t\t\t\t\t\t<\/div>\n\t\t\t\t<\/div>\n\t\t\t\t<div class=\"elementor-element elementor-element-1f832d3 elementor-widget elementor-widget-text-editor\" data-id=\"1f832d3\" data-element_type=\"widget\" data-widget_type=\"text-editor.default\">\n\t\t\t\t<div class=\"elementor-widget-container\">\n\t\t\t\t\t\t\t\t\t<p><span style=\"font-weight: 400;\">Es actor, docente e investigador. Se form\u00f3 con Nora Moseinco, con Mauricio Kartun y en la Universidad del Cine, donde hoy dicta clases de Historia. Trabaja en el \u00e1rea de cineteca del Museo del Cine desde el 2012. Co-dirigi\u00f3 \u201cLa novia de Frankenstein\u201d y \u201cDear Renzo\u201d junto a Agostina G\u00e1lvez estrenados en Locarno, BFI London Film Festival y New York Film F<\/span><span style=\"font-weight: 400;\">estival. Dir<\/span><span style=\"font-weight: 400;\">igi\u00f3 \u201cUn movimiento extra\u00f1o\u201d (postproducci\u00f3n). Actualmente se encuentra en pre-producci\u00f3n de su primer largo, producido por Esquimal Cine.<\/span><\/p>\t\t\t\t\t\t\t\t<\/div>\n\t\t\t\t<\/div>\n\t\t\t\t<div class=\"elementor-element elementor-element-519c609 elementor-widget-divider--view-line elementor-widget elementor-widget-divider\" data-id=\"519c609\" data-element_type=\"widget\" data-widget_type=\"divider.default\">\n\t\t\t\t<div class=\"elementor-widget-container\">\n\t\t\t\t\t\t\t<div class=\"elementor-divider\">\n\t\t\t<span class=\"elementor-divider-separator\">\n\t\t\t\t\t\t<\/span>\n\t\t<\/div>\n\t\t\t\t\t\t<\/div>\n\t\t\t\t<\/div>\n\t\t\t\t<div class=\"elementor-element elementor-element-1ad2376 elementor-widget elementor-widget-text-editor\" data-id=\"1ad2376\" data-element_type=\"widget\" data-widget_type=\"text-editor.default\">\n\t\t\t\t<div class=\"elementor-widget-container\">\n\t\t\t\t\t\t\t\t\t<p><span style=\"font-weight: 400;\">DEAR RENZO:\u00a0<\/span>Tres argentinos que se encuentran por azar en Nueva York, deambulan por sus calles perdidos en una red de intercambio de roles, dinero y traducciones fallidas.<\/p>\t\t\t\t\t\t\t\t<\/div>\n\t\t\t\t<\/div>\n\t\t\t\t\t<\/div>\n\t\t<\/div>\n\t\t\t\t<div class=\"elementor-column elementor-col-33 elementor-inner-column elementor-element elementor-element-e444516\" data-id=\"e444516\" data-element_type=\"column\">\n\t\t\t<div class=\"elementor-widget-wrap elementor-element-populated\">\n\t\t\t\t\t\t<div class=\"elementor-element elementor-element-e44424c elementor-widget elementor-widget-heading\" data-id=\"e44424c\" data-element_type=\"widget\" data-widget_type=\"heading.default\">\n\t\t\t\t<div class=\"elementor-widget-container\">\n\t\t\t\t\t<h3 class=\"elementor-heading-title elementor-size-default\">AGOSTINA G\u00c1LVEZ<\/h3>\t\t\t\t<\/div>\n\t\t\t\t<\/div>\n\t\t\t\t<div class=\"elementor-element elementor-element-46f8c26 elementor-widget elementor-widget-image\" data-id=\"46f8c26\" data-element_type=\"widget\" data-widget_type=\"image.default\">\n\t\t\t\t<div class=\"elementor-widget-container\">\n\t\t\t\t\t\t\t\t\t\t\t\t\t\t\t<img loading=\"lazy\" decoding=\"async\" width=\"600\" height=\"700\" src=\"https:\/\/syncrofilmfest.com\/lab\/wp-content\/uploads\/2023\/04\/Agos2.jpg\" class=\"elementor-animation-grow attachment-full size-full wp-image-326\" alt=\"\" srcset=\"https:\/\/syncrofilmfest.com\/lab\/wp-content\/uploads\/2023\/04\/Agos2.jpg 600w, https:\/\/syncrofilmfest.com\/lab\/wp-content\/uploads\/2023\/04\/Agos2-257x300.jpg 257w\" sizes=\"(max-width: 600px) 100vw, 600px\" \/>\t\t\t\t\t\t\t\t\t\t\t\t\t\t\t<\/div>\n\t\t\t\t<\/div>\n\t\t\t\t<div class=\"elementor-element elementor-element-56793c5 elementor-widget elementor-widget-text-editor\" data-id=\"56793c5\" data-element_type=\"widget\" data-widget_type=\"text-editor.default\">\n\t\t\t\t<div class=\"elementor-widget-container\">\n\t\t\t\t\t\t\t\t\t<p><span style=\"font-weight: 400;\">Es directora de cine y fot\u00f3grafa nacida en Buenos Aires cuyo trabajo abarca la direcci\u00f3n de ficci\u00f3n narrativa,\u00a0 comerciales y videoclips. Ha dirigido varios cortometrajes que han ganado numerosos premios y se han presentado en HBO, as\u00ed como en festivales internacionales como Locarno, BFI London Film Festival y New York Film Festival.<\/span><\/p>\t\t\t\t\t\t\t\t<\/div>\n\t\t\t\t<\/div>\n\t\t\t\t<div class=\"elementor-element elementor-element-6ab00cb elementor-widget-divider--view-line elementor-widget elementor-widget-divider\" data-id=\"6ab00cb\" data-element_type=\"widget\" data-widget_type=\"divider.default\">\n\t\t\t\t<div class=\"elementor-widget-container\">\n\t\t\t\t\t\t\t<div class=\"elementor-divider\">\n\t\t\t<span class=\"elementor-divider-separator\">\n\t\t\t\t\t\t<\/span>\n\t\t<\/div>\n\t\t\t\t\t\t<\/div>\n\t\t\t\t<\/div>\n\t\t\t\t<div class=\"elementor-element elementor-element-a26da54 elementor-widget elementor-widget-text-editor\" data-id=\"a26da54\" data-element_type=\"widget\" data-widget_type=\"text-editor.default\">\n\t\t\t\t<div class=\"elementor-widget-container\">\n\t\t\t\t\t\t\t\t\t<p><span style=\"font-weight: 400;\">LA NOVIA DE FRANKENSTEIN: Durante el verano, Ivana trabaja para una agencia que alquila departamentos a extranjeros. Su tarea es simple: recibir inquilinos, traducir de ingl\u00e9s a espa\u00f1ol y cambiar d\u00f3lares por pesos. Ivana, sin embargo, es compleja, y toda esa red de traducciones e intercambios termina construyendo un mundo en el que la realidad y la ficci\u00f3n, los pesos y los d\u00f3lares, se vuelven indistintos.<\/span><\/p>\t\t\t\t\t\t\t\t<\/div>\n\t\t\t\t<\/div>\n\t\t\t\t\t<\/div>\n\t\t<\/div>\n\t\t\t\t\t<\/div>\n\t\t<\/section>\n\t\t\t\t\t<\/div>\n\t\t<\/div>\n\t\t\t\t\t<\/div>\n\t\t<\/section>\n\t\t\t\t<\/div>\n\t\t","protected":false},"excerpt":{"rendered":"<p>TALLERES Idea, guion y creaci\u00f3n en El ser magn\u00e9tico Lunes 19\/06. 10hs MATEO BENDESKY Mateo Bendesky compartir\u00e1 su experiencia en el proceso de creaci\u00f3n, desde la idea original al gui\u00f3n, abordando las instancias de investigaci\u00f3n; construcci\u00f3n de personajes y veros\u00edmil, escritura del gui\u00f3n, ensayos y reescrituras, en el cortometraje \u00abEl ser magn\u00e9tico\u201d. EL SER MAGN\u00c9TICO: [&hellip;]<\/p>\n","protected":false},"author":1,"featured_media":0,"comment_status":"closed","ping_status":"closed","sticky":false,"template":"","format":"standard","meta":{"footnotes":""},"categories":[1],"tags":[],"class_list":["post-217","post","type-post","status-publish","format-standard","hentry","category-uncategorized"],"_links":{"self":[{"href":"https:\/\/syncrofilmfest.com\/lab\/wp-json\/wp\/v2\/posts\/217","targetHints":{"allow":["GET"]}}],"collection":[{"href":"https:\/\/syncrofilmfest.com\/lab\/wp-json\/wp\/v2\/posts"}],"about":[{"href":"https:\/\/syncrofilmfest.com\/lab\/wp-json\/wp\/v2\/types\/post"}],"author":[{"embeddable":true,"href":"https:\/\/syncrofilmfest.com\/lab\/wp-json\/wp\/v2\/users\/1"}],"replies":[{"embeddable":true,"href":"https:\/\/syncrofilmfest.com\/lab\/wp-json\/wp\/v2\/comments?post=217"}],"version-history":[{"count":138,"href":"https:\/\/syncrofilmfest.com\/lab\/wp-json\/wp\/v2\/posts\/217\/revisions"}],"predecessor-version":[{"id":639,"href":"https:\/\/syncrofilmfest.com\/lab\/wp-json\/wp\/v2\/posts\/217\/revisions\/639"}],"wp:attachment":[{"href":"https:\/\/syncrofilmfest.com\/lab\/wp-json\/wp\/v2\/media?parent=217"}],"wp:term":[{"taxonomy":"category","embeddable":true,"href":"https:\/\/syncrofilmfest.com\/lab\/wp-json\/wp\/v2\/categories?post=217"},{"taxonomy":"post_tag","embeddable":true,"href":"https:\/\/syncrofilmfest.com\/lab\/wp-json\/wp\/v2\/tags?post=217"}],"curies":[{"name":"wp","href":"https:\/\/api.w.org\/{rel}","templated":true}]}}